{"id":2146,"date":"2022-04-28T13:20:56","date_gmt":"2022-04-28T11:20:56","guid":{"rendered":"https:\/\/gourmandisesmedievales.com\/?p=2146"},"modified":"2022-04-28T13:23:09","modified_gmt":"2022-04-28T11:23:09","slug":"week-end-gourmand-au-coeur-de-la-gastronomie-medievale","status":"publish","type":"post","link":"https:\/\/gourmandisesmedievales.com\/2022\/04\/28\/week-end-gourmand-au-coeur-de-la-gastronomie-medievale\/","title":{"rendered":"WEEK-END GOURMAND AU C\u0152UR DE LA GASTRONOMIE M\u00c9DI\u00c9VALE"},"content":{"rendered":"Vous devez \u00eatre connect\u00e9 pour voir ce contenu.","protected":false},"excerpt":{"rendered":"Vous devez \u00eatre connect\u00e9 pour voir ce contenu.","protected":false},"author":27,"featured_media":2147,"comment_status":"closed","ping_status":"open","sticky":false,"template":"","format":"standard","meta":[],"categories":[1],"tags":[],"acf":[],"aioseo_notices":[],"_links":{"self":[{"href":"https:\/\/gourmandisesmedievales.com\/nov-apijson\/wp\/v2\/posts\/2146"}],"collection":[{"href":"https:\/\/gourmandisesmedievales.com\/nov-apijson\/wp\/v2\/posts"}],"about":[{"href":"https:\/\/gourmandisesmedievales.com\/nov-apijson\/wp\/v2\/types\/post"}],"author":[{"embeddable":true,"href":"https:\/\/gourmandisesmedievales.com\/nov-apijson\/wp\/v2\/users\/27"}],"replies":[{"embeddable":true,"href":"https:\/\/gourmandisesmedievales.com\/nov-apijson\/wp\/v2\/comments?post=2146"}],"version-history":[{"count":3,"href":"https:\/\/gourmandisesmedievales.com\/nov-apijson\/wp\/v2\/posts\/2146\/revisions"}],"predecessor-version":[{"id":2154,"href":"https:\/\/gourmandisesmedievales.com\/nov-apijson\/wp\/v2\/posts\/2146\/revisions\/2154"}],"wp:featuredmedia":[{"embeddable":true,"href":"https:\/\/gourmandisesmedievales.com\/nov-apijson\/wp\/v2\/media\/2147"}],"wp:attachment":[{"href":"https:\/\/gourmandisesmedievales.com\/nov-apijson\/wp\/v2\/media?parent=2146"}],"wp:term":[{"taxonomy":"category","embeddable":true,"href":"https:\/\/gourmandisesmedievales.com\/nov-apijson\/wp\/v2\/categories?post=2146"},{"taxonomy":"post_tag","embeddable":true,"href":"https:\/\/gourmandisesmedievales.com\/nov-apijson\/wp\/v2\/tags?post=2146"}],"curies":[{"name":"wp","href":"https:\/\/api.w.org\/{rel}","templated":true}]}}